{"id":9236,"date":"2026-09-02T10:09:21","date_gmt":"2026-09-02T13:09:21","guid":{"rendered":"https:\/\/www.sinticom-tap.com.br\/portal\/?p=9236"},"modified":"2026-09-02T10:09:21","modified_gmt":"2026-09-02T13:09:21","slug":"salario-minimo-devera-subir-para-r-1-741-em-2027","status":"publish","type":"post","link":"https:\/\/www.sinticom-tap.com.br\/portal\/salario-minimo-devera-subir-para-r-1-741-em-2027\/","title":{"rendered":"Sal\u00e1rio m\u00ednimo dever\u00e1 subir para R$ 1.741 em 2027"},"content":{"rendered":"<p>O sal\u00e1rio m\u00ednimo dever\u00e1 subir para R$ 1.741 em 2027, disse nesta segunda-feira (24) o ministro da Fazenda, Dario Durigan. A estimativa ser\u00e1 inclu\u00edda no Projeto de Lei Or\u00e7ament\u00e1ria Anual (PLOA), que ser\u00e1 enviado ao Congresso Nacional at\u00e9 31 de agosto.<\/p>\n<p>O valor representa um aumento de R$ 120, ou 7,4%, sobre os atuais R$ 1.621. A nova proje\u00e7\u00e3o tamb\u00e9m ficou R$ 24 acima da estimativa de R$ 1.717 apresentada pelo governo no projeto da Lei de Diretrizes Or\u00e7ament\u00e1rias (LDO) em abril.<\/p>\n<p>O reajuste tem impacto direto nas contas p\u00fablicas porque o sal\u00e1rio m\u00ednimo \u00e9 usado como refer\u00eancia para benef\u00edcios previdenci\u00e1rios e assistenciais. Ao mesmo tempo, uma eleva\u00e7\u00e3o acima da infla\u00e7\u00e3o aumenta o poder de compra de trabalhadores e benefici\u00e1rios que recebem o piso.<\/p>\n<p><img fetchpriority=\"high\" decoding=\"async\" class=\"imagem-meio wp-image-9237 size-full alignleft\" src=\"https:\/\/www.sinticom-tap.com.br\/portal\/wp-content\/uploads\/2026\/09\/ato20231229002.jpg\" alt=\"\" width=\"984\" height=\"656\" srcset=\"https:\/\/www.sinticom-tap.com.br\/portal\/wp-content\/uploads\/2026\/09\/ato20231229002.jpg 984w, https:\/\/www.sinticom-tap.com.br\/portal\/wp-content\/uploads\/2026\/09\/ato20231229002-300x200.jpg 300w, https:\/\/www.sinticom-tap.com.br\/portal\/wp-content\/uploads\/2026\/09\/ato20231229002-768x512.jpg 768w\" sizes=\"(max-width: 984px) 100vw, 984px\" \/>\u201cCumprindo a legisla\u00e7\u00e3o brasileira, dentro do nosso esp\u00edrito de privilegiar a popula\u00e7\u00e3o mais carente, vai tamb\u00e9m para a Previd\u00eancia e para os benef\u00edcios sociais que t\u00eam indexa\u00e7\u00e3o no sal\u00e1rio m\u00ednimo\u201d, afirmou Durigan nesta noite.<\/p>\n<p>Infla\u00e7\u00e3o define valor &#8211; Os R$ 1.741 ainda s\u00e3o uma proje\u00e7\u00e3o. O valor definitivo ser\u00e1 conhecido no fim de 2026, ap\u00f3s a divulga\u00e7\u00e3o do \u00cdndice Nacional de Pre\u00e7os ao Consumidor (INPC) acumulado at\u00e9 novembro. O INPC mede a infla\u00e7\u00e3o para fam\u00edlias com renda de at\u00e9 oito sal\u00e1rios m\u00ednimos.<\/p>\n<p>A regra atual combina a infla\u00e7\u00e3o medida pelo INPC com um ganho real (acima da infla\u00e7\u00e3o) de 2,5%, dentro dos limites estabelecidos pela legisla\u00e7\u00e3o. Por isso, uma infla\u00e7\u00e3o diferente da estimada pelo governo poder\u00e1 alterar o valor final.<\/p>\n<p>A previs\u00e3o de R$ 1.741 inclui um ganho acima da infla\u00e7\u00e3o, o que significa aumento real da renda para quem recebe o piso, desde que a infla\u00e7\u00e3o efetiva fique dentro das estimativas consideradas no c\u00e1lculo.<\/p>\n<p>Efeito na economia &#8211; O aumento tamb\u00e9m pode estimular o consumo, principalmente entre fam\u00edlias de menor renda, que tendem a destinar uma parcela maior dos recursos recebidos para despesas b\u00e1sicas.<\/p>\n<p>Or\u00e7amento no Congresso &#8211; O PLOA de 2027 ser\u00e1 encaminhado ao Congresso Nacional at\u00e9 31 de agosto e ainda passar\u00e1 pela an\u00e1lise dos parlamentares.<\/p>\n<blockquote><p>Fontes:<br \/>\nAg\u00eancia Brasil<br \/>\nContricom &#8211; Confedera\u00e7\u00e3o Nacional dos Trabalhadores na Ind\u00fastria da Constru\u00e7\u00e3o e do Mobili\u00e1rio<\/p><\/blockquote>\n","protected":false},"excerpt":{"rendered":"<p>O sal\u00e1rio m\u00ednimo dever\u00e1 subir para R$ 1.741 em 2027, disse nesta segunda-feira (24) o ministro da Fazenda, Dario Durigan. A estimativa ser\u00e1 inclu\u00edda no Projeto de Lei Or\u00e7ament\u00e1ria Anual (PLOA), que ser\u00e1 enviado ao Congresso Nacional at\u00e9 31 de agosto. O valor representa um aumento de R$ 120, ou 7,4%, sobre os atuais R$ &#8230; <a title=\"Sal\u00e1rio m\u00ednimo dever\u00e1 subir para R$ 1.741 em 2027\" class=\"read-more\" href=\"https:\/\/www.sinticom-tap.com.br\/portal\/salario-minimo-devera-subir-para-r-1-741-em-2027\/\" aria-label=\"Read more about Sal\u00e1rio m\u00ednimo dever\u00e1 subir para R$ 1.741 em 2027\">Ler mais<\/a><\/p>\n","protected":false},"author":1,"featured_media":9237,"comment_status":"closed","ping_status":"closed","sticky":false,"template":"","format":"standard","meta":{"footnotes":""},"categories":[4],"tags":[],"class_list":["post-9236","post","type-post","status-publish","format-standard","has-post-thumbnail","hentry","category-noticias"],"yoast_head":"<!-- This site is optimized with the Yoast SEO plugin v28.1 - https:\/\/yoast.com\/product\/yoast-seo-wordpress\/ -->\n<title>Sal\u00e1rio m\u00ednimo dever\u00e1 subir para R$ 1.741 em 2027 - Sinticom-TAP<\/title>\n<meta name=\"robots\" content=\"index, follow, max-snippet:-1, max-image-preview:large, max-video-preview:-1\" \/>\n<link rel=\"canonical\" href=\"https:\/\/www.sinticom-tap.com.br\/portal\/salario-minimo-devera-subir-para-r-1-741-em-2027\/\" \/>\n<meta property=\"og:locale\" content=\"pt_BR\" \/>\n<meta property=\"og:type\" content=\"article\" \/>\n<meta property=\"og:title\" content=\"Sal\u00e1rio m\u00ednimo dever\u00e1 subir para R$ 1.741 em 2027 - Sinticom-TAP\" \/>\n<meta property=\"og:description\" content=\"O sal\u00e1rio m\u00ednimo dever\u00e1 subir para R$ 1.741 em 2027, disse nesta segunda-feira (24) o ministro da Fazenda, Dario Durigan. A estimativa ser\u00e1 inclu\u00edda no Projeto de Lei Or\u00e7ament\u00e1ria Anual (PLOA), que ser\u00e1 enviado ao Congresso Nacional at\u00e9 31 de agosto. O valor representa um aumento de R$ 120, ou 7,4%, sobre os atuais R$ ... Ler mais\" \/>\n<meta property=\"og:url\" content=\"https:\/\/www.sinticom-tap.com.br\/portal\/salario-minimo-devera-subir-para-r-1-741-em-2027\/\" \/>\n<meta property=\"og:site_name\" content=\"Sinticom-TAP\" \/>\n<meta property=\"article:published_time\" content=\"2026-09-02T13:09:21+00:00\" \/>\n<meta property=\"og:image\" content=\"https:\/\/www.sinticom-tap.com.br\/portal\/wp-content\/uploads\/2026\/09\/ato20231229002.jpg\" \/>\n\t<meta property=\"og:image:width\" content=\"984\" \/>\n\t<meta property=\"og:image:height\" content=\"656\" \/>\n\t<meta property=\"og:image:type\" content=\"image\/jpeg\" \/>\n<meta name=\"author\" content=\"w4m\" \/>\n<meta name=\"twitter:card\" content=\"summary_large_image\" \/>\n<meta name=\"twitter:label1\" content=\"Escrito por\" \/>\n\t<meta name=\"twitter:data1\" content=\"w4m\" \/>\n\t<meta name=\"twitter:label2\" content=\"Est. tempo de leitura\" \/>\n\t<meta name=\"twitter:data2\" content=\"3 minutos\" \/>\n<script type=\"application\/ld+json\" class=\"yoast-schema-graph\">{\"@context\":\"https:\\\/\\\/schema.org\",\"@graph\":[{\"@type\":\"Article\",\"@id\":\"https:\\\/\\\/www.sinticom-tap.com.br\\\/portal\\\/salario-minimo-devera-subir-para-r-1-741-em-2027\\\/#article\",\"isPartOf\":{\"@id\":\"https:\\\/\\\/www.sinticom-tap.com.br\\\/portal\\\/salario-minimo-devera-subir-para-r-1-741-em-2027\\\/\"},\"author\":{\"name\":\"w4m\",\"@id\":\"https:\\\/\\\/www.sinticom-tap.com.br\\\/portal\\\/#\\\/schema\\\/person\\\/bf4f37e10f0214ad1fddbebed9eed1a0\"},\"headline\":\"Sal\u00e1rio m\u00ednimo dever\u00e1 subir para R$ 1.741 em 2027\",\"datePublished\":\"2026-09-02T13:09:21+00:00\",\"mainEntityOfPage\":{\"@id\":\"https:\\\/\\\/www.sinticom-tap.com.br\\\/portal\\\/salario-minimo-devera-subir-para-r-1-741-em-2027\\\/\"},\"wordCount\":398,\"image\":{\"@id\":\"https:\\\/\\\/www.sinticom-tap.com.br\\\/portal\\\/salario-minimo-devera-subir-para-r-1-741-em-2027\\\/#primaryimage\"},\"thumbnailUrl\":\"https:\\\/\\\/www.sinticom-tap.com.br\\\/portal\\\/wp-content\\\/uploads\\\/2026\\\/09\\\/ato20231229002.jpg\",\"articleSection\":[\"Not\u00edcias\"],\"inLanguage\":\"pt-BR\"},{\"@type\":\"WebPage\",\"@id\":\"https:\\\/\\\/www.sinticom-tap.com.br\\\/portal\\\/salario-minimo-devera-subir-para-r-1-741-em-2027\\\/\",\"url\":\"https:\\\/\\\/www.sinticom-tap.com.br\\\/portal\\\/salario-minimo-devera-subir-para-r-1-741-em-2027\\\/\",\"name\":\"Sal\u00e1rio m\u00ednimo dever\u00e1 subir para R$ 1.741 em 2027 - Sinticom-TAP\",\"isPartOf\":{\"@id\":\"https:\\\/\\\/www.sinticom-tap.com.br\\\/portal\\\/#website\"},\"primaryImageOfPage\":{\"@id\":\"https:\\\/\\\/www.sinticom-tap.com.br\\\/portal\\\/salario-minimo-devera-subir-para-r-1-741-em-2027\\\/#primaryimage\"},\"image\":{\"@id\":\"https:\\\/\\\/www.sinticom-tap.com.br\\\/portal\\\/salario-minimo-devera-subir-para-r-1-741-em-2027\\\/#primaryimage\"},\"thumbnailUrl\":\"https:\\\/\\\/www.sinticom-tap.com.br\\\/portal\\\/wp-content\\\/uploads\\\/2026\\\/09\\\/ato20231229002.jpg\",\"datePublished\":\"2026-09-02T13:09:21+00:00\",\"author\":{\"@id\":\"https:\\\/\\\/www.sinticom-tap.com.br\\\/portal\\\/#\\\/schema\\\/person\\\/bf4f37e10f0214ad1fddbebed9eed1a0\"},\"breadcrumb\":{\"@id\":\"https:\\\/\\\/www.sinticom-tap.com.br\\\/portal\\\/salario-minimo-devera-subir-para-r-1-741-em-2027\\\/#breadcrumb\"},\"inLanguage\":\"pt-BR\",\"potentialAction\":[{\"@type\":\"ReadAction\",\"target\":[\"https:\\\/\\\/www.sinticom-tap.com.br\\\/portal\\\/salario-minimo-devera-subir-para-r-1-741-em-2027\\\/\"]}]},{\"@type\":\"ImageObject\",\"inLanguage\":\"pt-BR\",\"@id\":\"https:\\\/\\\/www.sinticom-tap.com.br\\\/portal\\\/salario-minimo-devera-subir-para-r-1-741-em-2027\\\/#primaryimage\",\"url\":\"https:\\\/\\\/www.sinticom-tap.com.br\\\/portal\\\/wp-content\\\/uploads\\\/2026\\\/09\\\/ato20231229002.jpg\",\"contentUrl\":\"https:\\\/\\\/www.sinticom-tap.com.br\\\/portal\\\/wp-content\\\/uploads\\\/2026\\\/09\\\/ato20231229002.jpg\",\"width\":984,\"height\":656},{\"@type\":\"BreadcrumbList\",\"@id\":\"https:\\\/\\\/www.sinticom-tap.com.br\\\/portal\\\/salario-minimo-devera-subir-para-r-1-741-em-2027\\\/#breadcrumb\",\"itemListElement\":[{\"@type\":\"ListItem\",\"position\":1,\"name\":\"In\u00edcio\",\"item\":\"https:\\\/\\\/www.sinticom-tap.com.br\\\/portal\\\/\"},{\"@type\":\"ListItem\",\"position\":2,\"name\":\"Sal\u00e1rio m\u00ednimo dever\u00e1 subir para R$ 1.741 em 2027\"}]},{\"@type\":\"WebSite\",\"@id\":\"https:\\\/\\\/www.sinticom-tap.com.br\\\/portal\\\/#website\",\"url\":\"https:\\\/\\\/www.sinticom-tap.com.br\\\/portal\\\/\",\"name\":\"Sinticom-TAP\",\"description\":\"Sinticom-TAP\",\"potentialAction\":[{\"@type\":\"SearchAction\",\"target\":{\"@type\":\"EntryPoint\",\"urlTemplate\":\"https:\\\/\\\/www.sinticom-tap.com.br\\\/portal\\\/?s={search_term_string}\"},\"query-input\":{\"@type\":\"PropertyValueSpecification\",\"valueRequired\":true,\"valueName\":\"search_term_string\"}}],\"inLanguage\":\"pt-BR\"},{\"@type\":\"Person\",\"@id\":\"https:\\\/\\\/www.sinticom-tap.com.br\\\/portal\\\/#\\\/schema\\\/person\\\/bf4f37e10f0214ad1fddbebed9eed1a0\",\"name\":\"w4m\",\"image\":{\"@type\":\"ImageObject\",\"inLanguage\":\"pt-BR\",\"@id\":\"https:\\\/\\\/secure.gravatar.com\\\/avatar\\\/deed700788a0c9859273feee6e262d058d850f0f1662a1f81b2c2289d502b6da?s=96&d=mm&r=g\",\"url\":\"https:\\\/\\\/secure.gravatar.com\\\/avatar\\\/deed700788a0c9859273feee6e262d058d850f0f1662a1f81b2c2289d502b6da?s=96&d=mm&r=g\",\"contentUrl\":\"https:\\\/\\\/secure.gravatar.com\\\/avatar\\\/deed700788a0c9859273feee6e262d058d850f0f1662a1f81b2c2289d502b6da?s=96&d=mm&r=g\",\"caption\":\"w4m\"},\"url\":\"https:\\\/\\\/www.sinticom-tap.com.br\\\/portal\\\/author\\\/w4m\\\/\"}]}<\/script>\n<!-- \/ Yoast SEO plugin. -->","yoast_head_json":{"title":"Sal\u00e1rio m\u00ednimo dever\u00e1 subir para R$ 1.741 em 2027 - Sinticom-TAP","robots":{"index":"index","follow":"follow","max-snippet":"max-snippet:-1","max-image-preview":"max-image-preview:large","max-video-preview":"max-video-preview:-1"},"canonical":"https:\/\/www.sinticom-tap.com.br\/portal\/salario-minimo-devera-subir-para-r-1-741-em-2027\/","og_locale":"pt_BR","og_type":"article","og_title":"Sal\u00e1rio m\u00ednimo dever\u00e1 subir para R$ 1.741 em 2027 - Sinticom-TAP","og_description":"O sal\u00e1rio m\u00ednimo dever\u00e1 subir para R$ 1.741 em 2027, disse nesta segunda-feira (24) o ministro da Fazenda, Dario Durigan. A estimativa ser\u00e1 inclu\u00edda no Projeto de Lei Or\u00e7ament\u00e1ria Anual (PLOA), que ser\u00e1 enviado ao Congresso Nacional at\u00e9 31 de agosto. O valor representa um aumento de R$ 120, ou 7,4%, sobre os atuais R$ ... Ler mais","og_url":"https:\/\/www.sinticom-tap.com.br\/portal\/salario-minimo-devera-subir-para-r-1-741-em-2027\/","og_site_name":"Sinticom-TAP","article_published_time":"2026-09-02T13:09:21+00:00","og_image":[{"width":984,"height":656,"url":"https:\/\/www.sinticom-tap.com.br\/portal\/wp-content\/uploads\/2026\/09\/ato20231229002.jpg","type":"image\/jpeg"}],"author":"w4m","twitter_card":"summary_large_image","twitter_misc":{"Escrito por":"w4m","Est. tempo de leitura":"3 minutos"},"schema":{"@context":"https:\/\/schema.org","@graph":[{"@type":"Article","@id":"https:\/\/www.sinticom-tap.com.br\/portal\/salario-minimo-devera-subir-para-r-1-741-em-2027\/#article","isPartOf":{"@id":"https:\/\/www.sinticom-tap.com.br\/portal\/salario-minimo-devera-subir-para-r-1-741-em-2027\/"},"author":{"name":"w4m","@id":"https:\/\/www.sinticom-tap.com.br\/portal\/#\/schema\/person\/bf4f37e10f0214ad1fddbebed9eed1a0"},"headline":"Sal\u00e1rio m\u00ednimo dever\u00e1 subir para R$ 1.741 em 2027","datePublished":"2026-09-02T13:09:21+00:00","mainEntityOfPage":{"@id":"https:\/\/www.sinticom-tap.com.br\/portal\/salario-minimo-devera-subir-para-r-1-741-em-2027\/"},"wordCount":398,"image":{"@id":"https:\/\/www.sinticom-tap.com.br\/portal\/salario-minimo-devera-subir-para-r-1-741-em-2027\/#primaryimage"},"thumbnailUrl":"https:\/\/www.sinticom-tap.com.br\/portal\/wp-content\/uploads\/2026\/09\/ato20231229002.jpg","articleSection":["Not\u00edcias"],"inLanguage":"pt-BR"},{"@type":"WebPage","@id":"https:\/\/www.sinticom-tap.com.br\/portal\/salario-minimo-devera-subir-para-r-1-741-em-2027\/","url":"https:\/\/www.sinticom-tap.com.br\/portal\/salario-minimo-devera-subir-para-r-1-741-em-2027\/","name":"Sal\u00e1rio m\u00ednimo dever\u00e1 subir para R$ 1.741 em 2027 - Sinticom-TAP","isPartOf":{"@id":"https:\/\/www.sinticom-tap.com.br\/portal\/#website"},"primaryImageOfPage":{"@id":"https:\/\/www.sinticom-tap.com.br\/portal\/salario-minimo-devera-subir-para-r-1-741-em-2027\/#primaryimage"},"image":{"@id":"https:\/\/www.sinticom-tap.com.br\/portal\/salario-minimo-devera-subir-para-r-1-741-em-2027\/#primaryimage"},"thumbnailUrl":"https:\/\/www.sinticom-tap.com.br\/portal\/wp-content\/uploads\/2026\/09\/ato20231229002.jpg","datePublished":"2026-09-02T13:09:21+00:00","author":{"@id":"https:\/\/www.sinticom-tap.com.br\/portal\/#\/schema\/person\/bf4f37e10f0214ad1fddbebed9eed1a0"},"breadcrumb":{"@id":"https:\/\/www.sinticom-tap.com.br\/portal\/salario-minimo-devera-subir-para-r-1-741-em-2027\/#breadcrumb"},"inLanguage":"pt-BR","potentialAction":[{"@type":"ReadAction","target":["https:\/\/www.sinticom-tap.com.br\/portal\/salario-minimo-devera-subir-para-r-1-741-em-2027\/"]}]},{"@type":"ImageObject","inLanguage":"pt-BR","@id":"https:\/\/www.sinticom-tap.com.br\/portal\/salario-minimo-devera-subir-para-r-1-741-em-2027\/#primaryimage","url":"https:\/\/www.sinticom-tap.com.br\/portal\/wp-content\/uploads\/2026\/09\/ato20231229002.jpg","contentUrl":"https:\/\/www.sinticom-tap.com.br\/portal\/wp-content\/uploads\/2026\/09\/ato20231229002.jpg","width":984,"height":656},{"@type":"BreadcrumbList","@id":"https:\/\/www.sinticom-tap.com.br\/portal\/salario-minimo-devera-subir-para-r-1-741-em-2027\/#breadcrumb","itemListElement":[{"@type":"ListItem","position":1,"name":"In\u00edcio","item":"https:\/\/www.sinticom-tap.com.br\/portal\/"},{"@type":"ListItem","position":2,"name":"Sal\u00e1rio m\u00ednimo dever\u00e1 subir para R$ 1.741 em 2027"}]},{"@type":"WebSite","@id":"https:\/\/www.sinticom-tap.com.br\/portal\/#website","url":"https:\/\/www.sinticom-tap.com.br\/portal\/","name":"Sinticom-TAP","description":"Sinticom-TAP","potentialAction":[{"@type":"SearchAction","target":{"@type":"EntryPoint","urlTemplate":"https:\/\/www.sinticom-tap.com.br\/portal\/?s={search_term_string}"},"query-input":{"@type":"PropertyValueSpecification","valueRequired":true,"valueName":"search_term_string"}}],"inLanguage":"pt-BR"},{"@type":"Person","@id":"https:\/\/www.sinticom-tap.com.br\/portal\/#\/schema\/person\/bf4f37e10f0214ad1fddbebed9eed1a0","name":"w4m","image":{"@type":"ImageObject","inLanguage":"pt-BR","@id":"https:\/\/secure.gravatar.com\/avatar\/deed700788a0c9859273feee6e262d058d850f0f1662a1f81b2c2289d502b6da?s=96&d=mm&r=g","url":"https:\/\/secure.gravatar.com\/avatar\/deed700788a0c9859273feee6e262d058d850f0f1662a1f81b2c2289d502b6da?s=96&d=mm&r=g","contentUrl":"https:\/\/secure.gravatar.com\/avatar\/deed700788a0c9859273feee6e262d058d850f0f1662a1f81b2c2289d502b6da?s=96&d=mm&r=g","caption":"w4m"},"url":"https:\/\/www.sinticom-tap.com.br\/portal\/author\/w4m\/"}]}},"_links":{"self":[{"href":"https:\/\/www.sinticom-tap.com.br\/portal\/wp-json\/wp\/v2\/posts\/9236","targetHints":{"allow":["GET"]}}],"collection":[{"href":"https:\/\/www.sinticom-tap.com.br\/portal\/wp-json\/wp\/v2\/posts"}],"about":[{"href":"https:\/\/www.sinticom-tap.com.br\/portal\/wp-json\/wp\/v2\/types\/post"}],"author":[{"embeddable":true,"href":"https:\/\/www.sinticom-tap.com.br\/portal\/wp-json\/wp\/v2\/users\/1"}],"replies":[{"embeddable":true,"href":"https:\/\/www.sinticom-tap.com.br\/portal\/wp-json\/wp\/v2\/comments?post=9236"}],"version-history":[{"count":1,"href":"https:\/\/www.sinticom-tap.com.br\/portal\/wp-json\/wp\/v2\/posts\/9236\/revisions"}],"predecessor-version":[{"id":9238,"href":"https:\/\/www.sinticom-tap.com.br\/portal\/wp-json\/wp\/v2\/posts\/9236\/revisions\/9238"}],"wp:featuredmedia":[{"embeddable":true,"href":"https:\/\/www.sinticom-tap.com.br\/portal\/wp-json\/wp\/v2\/media\/9237"}],"wp:attachment":[{"href":"https:\/\/www.sinticom-tap.com.br\/portal\/wp-json\/wp\/v2\/media?parent=9236"}],"wp:term":[{"taxonomy":"category","embeddable":true,"href":"https:\/\/www.sinticom-tap.com.br\/portal\/wp-json\/wp\/v2\/categories?post=9236"},{"taxonomy":"post_tag","embeddable":true,"href":"https:\/\/www.sinticom-tap.com.br\/portal\/wp-json\/wp\/v2\/tags?post=9236"}],"curies":[{"name":"wp","href":"https:\/\/api.w.org\/{rel}","templated":true}]}}