{"id":7749,"date":"2026-05-01T07:27:57","date_gmt":"2026-05-01T10:27:57","guid":{"rendered":"https:\/\/www.sinticom-tap.com.br\/portal\/?p=7749"},"modified":"2026-05-01T07:59:11","modified_gmt":"2026-05-01T10:59:11","slug":"1o-de-maio-dia-do-trabalhador-e-da-trabalhadora-2026","status":"publish","type":"post","link":"https:\/\/www.sinticom-tap.com.br\/portal\/1o-de-maio-dia-do-trabalhador-e-da-trabalhadora-2026\/","title":{"rendered":"1\u00ba de Maio: For\u00e7a, Inclus\u00e3o e Unidade na Constru\u00e7\u00e3o da Nossa Hist\u00f3ria"},"content":{"rendered":"<p><span style=\"font-size: inherit;\">O <\/span><b style=\"font-size: inherit;\" data-path-to-node=\"1\" data-index-in-node=\"2\">1\u00ba de Maio de 2026<\/b><span style=\"font-size: inherit;\"> chega como um marco de resist\u00eancia e esperan\u00e7a para todos n\u00f3s. Para o SINTICOM-TAP, esta n\u00e3o \u00e9 apenas uma data no calend\u00e1rio, mas o momento de reafirmar o valor social de quem de fato constr\u00f3i o Brasil. Neste ano, nossa celebra\u00e7\u00e3o ganha um f\u00f4lego renovado sob o lema que guia nossos passos: <\/span><b style=\"font-size: inherit;\" data-path-to-node=\"1\" data-index-in-node=\"312\">JUNTOS SEREMOS MAIS FORTES!<\/b><\/p>\n<div class=\"response-content ng-tns-c1568605504-47\">\n<div class=\"container\">\n<div id=\"model-response-message-contentr_92f5847d32f47b26\" class=\"markdown markdown-main-panel enable-updated-hr-color\" dir=\"ltr\" aria-live=\"polite\" aria-busy=\"false\">\n<p><img fetchpriority=\"high\" decoding=\"async\" class=\"wp-image-7753 aligncenter\" src=\"https:\/\/www.sinticom-tap.com.br\/portal\/wp-content\/uploads\/2026\/05\/1o-de-Maio-2026-2.jpg\" alt=\"\" width=\"567\" height=\"610\" \/><\/p>\n<h3 data-path-to-node=\"2\"><\/h3>\n<h3 data-path-to-node=\"2\">Uma Luta de Todos e Todas<\/h3>\n<p data-path-to-node=\"3\">Pela primeira vez em muitas d\u00e9cadas, o debate sobre a valoriza\u00e7\u00e3o do trabalho assume um car\u00e1ter profundamente inclusivo. Ao celebrarmos o <b data-path-to-node=\"3\" data-index-in-node=\"138\">Dia do Trabalhador e da Trabalhadora<\/b>, reconhecemos que a for\u00e7a da constru\u00e7\u00e3o civil e do mobili\u00e1rio n\u00e3o \u00e9 composta apenas por m\u00e3os masculinas. As mulheres ocupam, com maestria e determina\u00e7\u00e3o, espa\u00e7os cada vez maiores nos canteiros de obras, nas linhas de produ\u00e7\u00e3o e na lideran\u00e7a sindical.<\/p>\n<p data-path-to-node=\"4\">A inclus\u00e3o n\u00e3o \u00e9 apenas uma palavra, \u00e9 uma pr\u00e1tica de justi\u00e7a. Valorizar a trabalhadora \u00e9 garantir que a igualdade de oportunidades e o respeito sejam os alicerces de qualquer ambiente de trabalho.<\/p>\n<hr data-path-to-node=\"5\" \/>\n<h3 data-path-to-node=\"6\">Compromissos com o Futuro<\/h3>\n<p data-path-to-node=\"7\">Nossa campanha deste ano foca em pilares que sustentam uma sociedade justa:<\/p>\n<ul data-path-to-node=\"8\">\n<li>\n<p data-path-to-node=\"8,0,0\"><b data-path-to-node=\"8,0,0\" data-index-in-node=\"0\">Empregos e Direitos:<\/b> A base da dignidade humana.<\/p>\n<\/li>\n<li>\n<p data-path-to-node=\"8,1,0\"><b data-path-to-node=\"8,1,0\" data-index-in-node=\"0\">Democracia e Soberania:<\/b> Para que o trabalhador tenha voz nas decis\u00f5es do pa\u00eds.<\/p>\n<\/li>\n<li>\n<p data-path-to-node=\"8,2,0\"><b data-path-to-node=\"8,2,0\" data-index-in-node=\"0\">Vida Digna:<\/b> Porque ningu\u00e9m trabalha apenas para sobreviver, mas para prosperar.<\/p>\n<\/li>\n<\/ul>\n<h3 data-path-to-node=\"9\">Unidade para Vencer<\/h3>\n<p data-path-to-node=\"10\">O cen\u00e1rio econ\u00f4mico exige vigil\u00e2ncia constante. Por isso, a mensagem de Reinaldo Rosa de Souza e de toda a diretoria do SINTICOM-TAP \u00e9 clara: a dispers\u00e3o \u00e9 o caminho para a perda de direitos, enquanto a uni\u00e3o \u00e9 o caminho para a conquista.<\/p>\n<p data-path-to-node=\"11\">Quando dizemos que <b data-path-to-node=\"11\" data-index-in-node=\"19\">JUNTOS SEREMOS MAIS FORTES!<\/b>, estamos convocando cada companheiro e companheira de Uberl\u00e2ndia, do Tri\u00e2ngulo Mineiro e do Alto Parana\u00edba a fortalecer o sindicato. Nossa uni\u00e3o \u00e9 o \u00fanico escudo capaz de proteger nossas conquistas e garantir que o suor do nosso rosto se transforme em bem-estar para nossas fam\u00edlias.<\/p>\n<p data-path-to-node=\"12\">Neste 1\u00ba de Maio, ergamos nossas ferramentas e nossas bandeiras. Parab\u00e9ns a cada trabalhador e cada trabalhadora!<\/p>\n<\/div>\n<\/div>\n<\/div>\n<p data-path-to-node=\"15\"><b data-path-to-node=\"15\" data-index-in-node=\"0\">Reinaldo Rosa de Souza<br \/>\n<\/b>(presidente)<\/p>\n<p>&nbsp;<\/p>\n","protected":false},"excerpt":{"rendered":"<p>O 1\u00ba de Maio de 2026 chega como um marco de resist\u00eancia e esperan\u00e7a para todos n\u00f3s. Para o SINTICOM-TAP, esta n\u00e3o \u00e9 apenas uma data no calend\u00e1rio, mas o momento de reafirmar o valor social de quem de fato constr\u00f3i o Brasil. Neste ano, nossa celebra\u00e7\u00e3o ganha um f\u00f4lego renovado sob o lema que &#8230; <a title=\"1\u00ba de Maio: For\u00e7a, Inclus\u00e3o e Unidade na Constru\u00e7\u00e3o da Nossa Hist\u00f3ria\" class=\"read-more\" href=\"https:\/\/www.sinticom-tap.com.br\/portal\/1o-de-maio-dia-do-trabalhador-e-da-trabalhadora-2026\/\" aria-label=\"More on 1\u00ba de Maio: For\u00e7a, Inclus\u00e3o e Unidade na Constru\u00e7\u00e3o da Nossa Hist\u00f3ria\">Ler mais<\/a><\/p>\n","protected":false},"author":1,"featured_media":7753,"comment_status":"closed","ping_status":"closed","sticky":false,"template":"","format":"standard","meta":{"footnotes":""},"categories":[4],"tags":[],"class_list":["post-7749","post","type-post","status-publish","format-standard","has-post-thumbnail","hentry","category-noticias"],"yoast_head":"<!-- This site is optimized with the Yoast SEO plugin v25.9 - https:\/\/yoast.com\/wordpress\/plugins\/seo\/ -->\n<title>1\u00ba de Maio: For\u00e7a, Inclus\u00e3o e Unidade na Constru\u00e7\u00e3o da Nossa Hist\u00f3ria - Sinticom-TAP<\/title>\n<meta name=\"robots\" content=\"index, follow, max-snippet:-1, max-image-preview:large, max-video-preview:-1\" \/>\n<link rel=\"canonical\" href=\"https:\/\/www.sinticom-tap.com.br\/portal\/1o-de-maio-dia-do-trabalhador-e-da-trabalhadora-2026\/\" \/>\n<meta property=\"og:locale\" content=\"pt_BR\" \/>\n<meta property=\"og:type\" content=\"article\" \/>\n<meta property=\"og:title\" content=\"1\u00ba de Maio: For\u00e7a, Inclus\u00e3o e Unidade na Constru\u00e7\u00e3o da Nossa Hist\u00f3ria - Sinticom-TAP\" \/>\n<meta property=\"og:description\" content=\"O 1\u00ba de Maio de 2026 chega como um marco de resist\u00eancia e esperan\u00e7a para todos n\u00f3s. Para o SINTICOM-TAP, esta n\u00e3o \u00e9 apenas uma data no calend\u00e1rio, mas o momento de reafirmar o valor social de quem de fato constr\u00f3i o Brasil. Neste ano, nossa celebra\u00e7\u00e3o ganha um f\u00f4lego renovado sob o lema que ... Ler mais\" \/>\n<meta property=\"og:url\" content=\"https:\/\/www.sinticom-tap.com.br\/portal\/1o-de-maio-dia-do-trabalhador-e-da-trabalhadora-2026\/\" \/>\n<meta property=\"og:site_name\" content=\"Sinticom-TAP\" \/>\n<meta property=\"article:published_time\" content=\"2026-05-01T10:27:57+00:00\" \/>\n<meta property=\"article:modified_time\" content=\"2026-05-01T10:59:11+00:00\" \/>\n<meta property=\"og:image\" content=\"https:\/\/www.sinticom-tap.com.br\/portal\/wp-content\/uploads\/2026\/05\/1o-de-Maio-2026-2.jpg\" \/>\n\t<meta property=\"og:image:width\" content=\"1080\" \/>\n\t<meta property=\"og:image:height\" content=\"1080\" \/>\n\t<meta property=\"og:image:type\" content=\"image\/jpeg\" \/>\n<meta name=\"author\" content=\"w4m\" \/>\n<meta name=\"twitter:card\" content=\"summary_large_image\" \/>\n<meta name=\"twitter:label1\" content=\"Escrito por\" \/>\n\t<meta name=\"twitter:data1\" content=\"w4m\" \/>\n\t<meta name=\"twitter:label2\" content=\"Est. tempo de leitura\" \/>\n\t<meta name=\"twitter:data2\" content=\"3 minutos\" \/>\n<script type=\"application\/ld+json\" class=\"yoast-schema-graph\">{\"@context\":\"https:\/\/schema.org\",\"@graph\":[{\"@type\":\"WebPage\",\"@id\":\"https:\/\/www.sinticom-tap.com.br\/portal\/1o-de-maio-dia-do-trabalhador-e-da-trabalhadora-2026\/\",\"url\":\"https:\/\/www.sinticom-tap.com.br\/portal\/1o-de-maio-dia-do-trabalhador-e-da-trabalhadora-2026\/\",\"name\":\"1\u00ba de Maio: For\u00e7a, Inclus\u00e3o e Unidade na Constru\u00e7\u00e3o da Nossa Hist\u00f3ria - Sinticom-TAP\",\"isPartOf\":{\"@id\":\"https:\/\/www.sinticom-tap.com.br\/portal\/#website\"},\"primaryImageOfPage\":{\"@id\":\"https:\/\/www.sinticom-tap.com.br\/portal\/1o-de-maio-dia-do-trabalhador-e-da-trabalhadora-2026\/#primaryimage\"},\"image\":{\"@id\":\"https:\/\/www.sinticom-tap.com.br\/portal\/1o-de-maio-dia-do-trabalhador-e-da-trabalhadora-2026\/#primaryimage\"},\"thumbnailUrl\":\"https:\/\/www.sinticom-tap.com.br\/portal\/wp-content\/uploads\/2026\/05\/1o-de-Maio-2026-2.jpg\",\"datePublished\":\"2026-05-01T10:27:57+00:00\",\"dateModified\":\"2026-05-01T10:59:11+00:00\",\"author\":{\"@id\":\"https:\/\/www.sinticom-tap.com.br\/portal\/#\/schema\/person\/bf4f37e10f0214ad1fddbebed9eed1a0\"},\"breadcrumb\":{\"@id\":\"https:\/\/www.sinticom-tap.com.br\/portal\/1o-de-maio-dia-do-trabalhador-e-da-trabalhadora-2026\/#breadcrumb\"},\"inLanguage\":\"pt-BR\",\"potentialAction\":[{\"@type\":\"ReadAction\",\"target\":[\"https:\/\/www.sinticom-tap.com.br\/portal\/1o-de-maio-dia-do-trabalhador-e-da-trabalhadora-2026\/\"]}]},{\"@type\":\"ImageObject\",\"inLanguage\":\"pt-BR\",\"@id\":\"https:\/\/www.sinticom-tap.com.br\/portal\/1o-de-maio-dia-do-trabalhador-e-da-trabalhadora-2026\/#primaryimage\",\"url\":\"https:\/\/www.sinticom-tap.com.br\/portal\/wp-content\/uploads\/2026\/05\/1o-de-Maio-2026-2.jpg\",\"contentUrl\":\"https:\/\/www.sinticom-tap.com.br\/portal\/wp-content\/uploads\/2026\/05\/1o-de-Maio-2026-2.jpg\",\"width\":1080,\"height\":1080},{\"@type\":\"BreadcrumbList\",\"@id\":\"https:\/\/www.sinticom-tap.com.br\/portal\/1o-de-maio-dia-do-trabalhador-e-da-trabalhadora-2026\/#breadcrumb\",\"itemListElement\":[{\"@type\":\"ListItem\",\"position\":1,\"name\":\"In\u00edcio\",\"item\":\"https:\/\/www.sinticom-tap.com.br\/portal\/\"},{\"@type\":\"ListItem\",\"position\":2,\"name\":\"1\u00ba de Maio: For\u00e7a, Inclus\u00e3o e Unidade na Constru\u00e7\u00e3o da Nossa Hist\u00f3ria\"}]},{\"@type\":\"WebSite\",\"@id\":\"https:\/\/www.sinticom-tap.com.br\/portal\/#website\",\"url\":\"https:\/\/www.sinticom-tap.com.br\/portal\/\",\"name\":\"Sinticom-TAP\",\"description\":\"Sinticom-TAP\",\"potentialAction\":[{\"@type\":\"SearchAction\",\"target\":{\"@type\":\"EntryPoint\",\"urlTemplate\":\"https:\/\/www.sinticom-tap.com.br\/portal\/?s={search_term_string}\"},\"query-input\":{\"@type\":\"PropertyValueSpecification\",\"valueRequired\":true,\"valueName\":\"search_term_string\"}}],\"inLanguage\":\"pt-BR\"},{\"@type\":\"Person\",\"@id\":\"https:\/\/www.sinticom-tap.com.br\/portal\/#\/schema\/person\/bf4f37e10f0214ad1fddbebed9eed1a0\",\"name\":\"w4m\",\"image\":{\"@type\":\"ImageObject\",\"inLanguage\":\"pt-BR\",\"@id\":\"https:\/\/www.sinticom-tap.com.br\/portal\/#\/schema\/person\/image\/\",\"url\":\"https:\/\/secure.gravatar.com\/avatar\/deed700788a0c9859273feee6e262d058d850f0f1662a1f81b2c2289d502b6da?s=96&d=mm&r=g\",\"contentUrl\":\"https:\/\/secure.gravatar.com\/avatar\/deed700788a0c9859273feee6e262d058d850f0f1662a1f81b2c2289d502b6da?s=96&d=mm&r=g\",\"caption\":\"w4m\"},\"url\":\"https:\/\/www.sinticom-tap.com.br\/portal\/author\/w4m\/\"}]}<\/script>\n<!-- \/ Yoast SEO plugin. -->","yoast_head_json":{"title":"1\u00ba de Maio: For\u00e7a, Inclus\u00e3o e Unidade na Constru\u00e7\u00e3o da Nossa Hist\u00f3ria - Sinticom-TAP","robots":{"index":"index","follow":"follow","max-snippet":"max-snippet:-1","max-image-preview":"max-image-preview:large","max-video-preview":"max-video-preview:-1"},"canonical":"https:\/\/www.sinticom-tap.com.br\/portal\/1o-de-maio-dia-do-trabalhador-e-da-trabalhadora-2026\/","og_locale":"pt_BR","og_type":"article","og_title":"1\u00ba de Maio: For\u00e7a, Inclus\u00e3o e Unidade na Constru\u00e7\u00e3o da Nossa Hist\u00f3ria - Sinticom-TAP","og_description":"O 1\u00ba de Maio de 2026 chega como um marco de resist\u00eancia e esperan\u00e7a para todos n\u00f3s. Para o SINTICOM-TAP, esta n\u00e3o \u00e9 apenas uma data no calend\u00e1rio, mas o momento de reafirmar o valor social de quem de fato constr\u00f3i o Brasil. Neste ano, nossa celebra\u00e7\u00e3o ganha um f\u00f4lego renovado sob o lema que ... Ler mais","og_url":"https:\/\/www.sinticom-tap.com.br\/portal\/1o-de-maio-dia-do-trabalhador-e-da-trabalhadora-2026\/","og_site_name":"Sinticom-TAP","article_published_time":"2026-05-01T10:27:57+00:00","article_modified_time":"2026-05-01T10:59:11+00:00","og_image":[{"width":1080,"height":1080,"url":"https:\/\/www.sinticom-tap.com.br\/portal\/wp-content\/uploads\/2026\/05\/1o-de-Maio-2026-2.jpg","type":"image\/jpeg"}],"author":"w4m","twitter_card":"summary_large_image","twitter_misc":{"Escrito por":"w4m","Est. tempo de leitura":"3 minutos"},"schema":{"@context":"https:\/\/schema.org","@graph":[{"@type":"WebPage","@id":"https:\/\/www.sinticom-tap.com.br\/portal\/1o-de-maio-dia-do-trabalhador-e-da-trabalhadora-2026\/","url":"https:\/\/www.sinticom-tap.com.br\/portal\/1o-de-maio-dia-do-trabalhador-e-da-trabalhadora-2026\/","name":"1\u00ba de Maio: For\u00e7a, Inclus\u00e3o e Unidade na Constru\u00e7\u00e3o da Nossa Hist\u00f3ria - Sinticom-TAP","isPartOf":{"@id":"https:\/\/www.sinticom-tap.com.br\/portal\/#website"},"primaryImageOfPage":{"@id":"https:\/\/www.sinticom-tap.com.br\/portal\/1o-de-maio-dia-do-trabalhador-e-da-trabalhadora-2026\/#primaryimage"},"image":{"@id":"https:\/\/www.sinticom-tap.com.br\/portal\/1o-de-maio-dia-do-trabalhador-e-da-trabalhadora-2026\/#primaryimage"},"thumbnailUrl":"https:\/\/www.sinticom-tap.com.br\/portal\/wp-content\/uploads\/2026\/05\/1o-de-Maio-2026-2.jpg","datePublished":"2026-05-01T10:27:57+00:00","dateModified":"2026-05-01T10:59:11+00:00","author":{"@id":"https:\/\/www.sinticom-tap.com.br\/portal\/#\/schema\/person\/bf4f37e10f0214ad1fddbebed9eed1a0"},"breadcrumb":{"@id":"https:\/\/www.sinticom-tap.com.br\/portal\/1o-de-maio-dia-do-trabalhador-e-da-trabalhadora-2026\/#breadcrumb"},"inLanguage":"pt-BR","potentialAction":[{"@type":"ReadAction","target":["https:\/\/www.sinticom-tap.com.br\/portal\/1o-de-maio-dia-do-trabalhador-e-da-trabalhadora-2026\/"]}]},{"@type":"ImageObject","inLanguage":"pt-BR","@id":"https:\/\/www.sinticom-tap.com.br\/portal\/1o-de-maio-dia-do-trabalhador-e-da-trabalhadora-2026\/#primaryimage","url":"https:\/\/www.sinticom-tap.com.br\/portal\/wp-content\/uploads\/2026\/05\/1o-de-Maio-2026-2.jpg","contentUrl":"https:\/\/www.sinticom-tap.com.br\/portal\/wp-content\/uploads\/2026\/05\/1o-de-Maio-2026-2.jpg","width":1080,"height":1080},{"@type":"BreadcrumbList","@id":"https:\/\/www.sinticom-tap.com.br\/portal\/1o-de-maio-dia-do-trabalhador-e-da-trabalhadora-2026\/#breadcrumb","itemListElement":[{"@type":"ListItem","position":1,"name":"In\u00edcio","item":"https:\/\/www.sinticom-tap.com.br\/portal\/"},{"@type":"ListItem","position":2,"name":"1\u00ba de Maio: For\u00e7a, Inclus\u00e3o e Unidade na Constru\u00e7\u00e3o da Nossa Hist\u00f3ria"}]},{"@type":"WebSite","@id":"https:\/\/www.sinticom-tap.com.br\/portal\/#website","url":"https:\/\/www.sinticom-tap.com.br\/portal\/","name":"Sinticom-TAP","description":"Sinticom-TAP","potentialAction":[{"@type":"SearchAction","target":{"@type":"EntryPoint","urlTemplate":"https:\/\/www.sinticom-tap.com.br\/portal\/?s={search_term_string}"},"query-input":{"@type":"PropertyValueSpecification","valueRequired":true,"valueName":"search_term_string"}}],"inLanguage":"pt-BR"},{"@type":"Person","@id":"https:\/\/www.sinticom-tap.com.br\/portal\/#\/schema\/person\/bf4f37e10f0214ad1fddbebed9eed1a0","name":"w4m","image":{"@type":"ImageObject","inLanguage":"pt-BR","@id":"https:\/\/www.sinticom-tap.com.br\/portal\/#\/schema\/person\/image\/","url":"https:\/\/secure.gravatar.com\/avatar\/deed700788a0c9859273feee6e262d058d850f0f1662a1f81b2c2289d502b6da?s=96&d=mm&r=g","contentUrl":"https:\/\/secure.gravatar.com\/avatar\/deed700788a0c9859273feee6e262d058d850f0f1662a1f81b2c2289d502b6da?s=96&d=mm&r=g","caption":"w4m"},"url":"https:\/\/www.sinticom-tap.com.br\/portal\/author\/w4m\/"}]}},"_links":{"self":[{"href":"https:\/\/www.sinticom-tap.com.br\/portal\/wp-json\/wp\/v2\/posts\/7749","targetHints":{"allow":["GET"]}}],"collection":[{"href":"https:\/\/www.sinticom-tap.com.br\/portal\/wp-json\/wp\/v2\/posts"}],"about":[{"href":"https:\/\/www.sinticom-tap.com.br\/portal\/wp-json\/wp\/v2\/types\/post"}],"author":[{"embeddable":true,"href":"https:\/\/www.sinticom-tap.com.br\/portal\/wp-json\/wp\/v2\/users\/1"}],"replies":[{"embeddable":true,"href":"https:\/\/www.sinticom-tap.com.br\/portal\/wp-json\/wp\/v2\/comments?post=7749"}],"version-history":[{"count":6,"href":"https:\/\/www.sinticom-tap.com.br\/portal\/wp-json\/wp\/v2\/posts\/7749\/revisions"}],"predecessor-version":[{"id":7758,"href":"https:\/\/www.sinticom-tap.com.br\/portal\/wp-json\/wp\/v2\/posts\/7749\/revisions\/7758"}],"wp:featuredmedia":[{"embeddable":true,"href":"https:\/\/www.sinticom-tap.com.br\/portal\/wp-json\/wp\/v2\/media\/7753"}],"wp:attachment":[{"href":"https:\/\/www.sinticom-tap.com.br\/portal\/wp-json\/wp\/v2\/media?parent=7749"}],"wp:term":[{"taxonomy":"category","embeddable":true,"href":"https:\/\/www.sinticom-tap.com.br\/portal\/wp-json\/wp\/v2\/categories?post=7749"},{"taxonomy":"post_tag","embeddable":true,"href":"https:\/\/www.sinticom-tap.com.br\/portal\/wp-json\/wp\/v2\/tags?post=7749"}],"curies":[{"name":"wp","href":"https:\/\/api.w.org\/{rel}","templated":true}]}}