{"id":7740,"date":"2026-04-28T06:32:05","date_gmt":"2026-04-28T09:32:05","guid":{"rendered":"https:\/\/www.sinticom-tap.com.br\/portal\/?p=7740"},"modified":"2026-04-27T17:36:14","modified_gmt":"2026-04-27T20:36:14","slug":"dia-mundial-em-memoria-das-vitimas-de-acidente-e-doencas-do-trabalho-2026","status":"publish","type":"post","link":"https:\/\/www.sinticom-tap.com.br\/portal\/dia-mundial-em-memoria-das-vitimas-de-acidente-e-doencas-do-trabalho-2026\/","title":{"rendered":"28 de Abril &#8211; Dia Mundial em Mem\u00f3ria  das V\u00edtimas de Acidente e Doen\u00e7as do Trabalho &#8211; 2026"},"content":{"rendered":"<p>O Dia Mundial da Seguran\u00e7a e Sa\u00fade no Trabalho, celebrado em 28 de abril,\u00a0foi institu\u00eddo pela OIT em 2003 para conscientizar sobre a preven\u00e7\u00e3o de acidentes e doen\u00e7as ocupacionais. A data homenageia v\u00edtimas de acidentes laborais e promove a cultura de preven\u00e7\u00e3o. No Brasil, coincide com o Dia Nacional em Mem\u00f3ria das V\u00edtimas de Acidentes e Doen\u00e7as do Trabalho.<\/p>\n<ul>\n<li>Pontos importantes sobre a data:<\/li>\n<li>Origem: A data foi escolhida em mem\u00f3ria de 78 mineiros mortos em uma explos\u00e3o nos EUA em 1969.<\/li>\n<li>Abril Verde: O m\u00eas de abril \u00e9 utilizado para intensificar campanhas de conscientiza\u00e7\u00e3o sobre a seguran\u00e7a no ambiente de trabalho.<\/li>\n<li>Objetivo: Reduzir o alto n\u00famero de acidentes e doen\u00e7as ocupacionais, promovendo ambientes de trabalho mais seguros e saud\u00e1veis.<\/li>\n<li>Legisla\u00e7\u00e3o Brasileira: A Lei 11.121\/2005 instituiu oficialmente o dia 28 de abril no Brasil.<\/li>\n<li>Foco na Preven\u00e7\u00e3o:\u00a0A campanha destaca a responsabilidade compartilhada de governos, empregadores e trabalhadores na preven\u00e7\u00e3o de acidentes.<\/li>\n<\/ul>\n<p><img fetchpriority=\"high\" decoding=\"async\" class=\"alignnone size-full wp-image-7741\" src=\"https:\/\/www.sinticom-tap.com.br\/portal\/wp-content\/uploads\/2026\/04\/28-de-Abril-sinticom-tap-memoria-vitimas-acidente-trabalho-2026.jpg\" alt=\"\" width=\"1081\" height=\"1081\" srcset=\"https:\/\/www.sinticom-tap.com.br\/portal\/wp-content\/uploads\/2026\/04\/28-de-Abril-sinticom-tap-memoria-vitimas-acidente-trabalho-2026.jpg 1081w, https:\/\/www.sinticom-tap.com.br\/portal\/wp-content\/uploads\/2026\/04\/28-de-Abril-sinticom-tap-memoria-vitimas-acidente-trabalho-2026-300x300.jpg 300w, https:\/\/www.sinticom-tap.com.br\/portal\/wp-content\/uploads\/2026\/04\/28-de-Abril-sinticom-tap-memoria-vitimas-acidente-trabalho-2026-1024x1024.jpg 1024w, https:\/\/www.sinticom-tap.com.br\/portal\/wp-content\/uploads\/2026\/04\/28-de-Abril-sinticom-tap-memoria-vitimas-acidente-trabalho-2026-150x150.jpg 150w, https:\/\/www.sinticom-tap.com.br\/portal\/wp-content\/uploads\/2026\/04\/28-de-Abril-sinticom-tap-memoria-vitimas-acidente-trabalho-2026-768x768.jpg 768w\" sizes=\"(max-width: 1081px) 100vw, 1081px\" \/><\/p>\n","protected":false},"excerpt":{"rendered":"<p>O Dia Mundial da Seguran\u00e7a e Sa\u00fade no Trabalho, celebrado em 28 de abril,\u00a0foi institu\u00eddo pela OIT em 2003 para conscientizar sobre a preven\u00e7\u00e3o de acidentes e doen\u00e7as ocupacionais. A data homenageia v\u00edtimas de acidentes laborais e promove a cultura de preven\u00e7\u00e3o. No Brasil, coincide com o Dia Nacional em Mem\u00f3ria das V\u00edtimas de Acidentes &#8230; <a title=\"28 de Abril &#8211; Dia Mundial em Mem\u00f3ria  das V\u00edtimas de Acidente e Doen\u00e7as do Trabalho &#8211; 2026\" class=\"read-more\" href=\"https:\/\/www.sinticom-tap.com.br\/portal\/dia-mundial-em-memoria-das-vitimas-de-acidente-e-doencas-do-trabalho-2026\/\" aria-label=\"More on 28 de Abril &#8211; Dia Mundial em Mem\u00f3ria  das V\u00edtimas de Acidente e Doen\u00e7as do Trabalho &#8211; 2026\">Ler mais<\/a><\/p>\n","protected":false},"author":1,"featured_media":7741,"comment_status":"closed","ping_status":"closed","sticky":false,"template":"","format":"standard","meta":{"footnotes":""},"categories":[4],"tags":[],"class_list":["post-7740","post","type-post","status-publish","format-standard","has-post-thumbnail","hentry","category-noticias"],"yoast_head":"<!-- This site is optimized with the Yoast SEO plugin v25.9 - https:\/\/yoast.com\/wordpress\/plugins\/seo\/ -->\n<title>28 de Abril - Dia Mundial em Mem\u00f3ria das V\u00edtimas de Acidente e Doen\u00e7as do Trabalho - 2026 - Sinticom-TAP<\/title>\n<meta name=\"robots\" content=\"index, follow, max-snippet:-1, max-image-preview:large, max-video-preview:-1\" \/>\n<link rel=\"canonical\" href=\"https:\/\/www.sinticom-tap.com.br\/portal\/dia-mundial-em-memoria-das-vitimas-de-acidente-e-doencas-do-trabalho-2026\/\" \/>\n<meta property=\"og:locale\" content=\"pt_BR\" \/>\n<meta property=\"og:type\" content=\"article\" \/>\n<meta property=\"og:title\" content=\"28 de Abril - Dia Mundial em Mem\u00f3ria das V\u00edtimas de Acidente e Doen\u00e7as do Trabalho - 2026 - Sinticom-TAP\" \/>\n<meta property=\"og:description\" content=\"O Dia Mundial da Seguran\u00e7a e Sa\u00fade no Trabalho, celebrado em 28 de abril,\u00a0foi institu\u00eddo pela OIT em 2003 para conscientizar sobre a preven\u00e7\u00e3o de acidentes e doen\u00e7as ocupacionais. A data homenageia v\u00edtimas de acidentes laborais e promove a cultura de preven\u00e7\u00e3o. No Brasil, coincide com o Dia Nacional em Mem\u00f3ria das V\u00edtimas de Acidentes ... Ler mais\" \/>\n<meta property=\"og:url\" content=\"https:\/\/www.sinticom-tap.com.br\/portal\/dia-mundial-em-memoria-das-vitimas-de-acidente-e-doencas-do-trabalho-2026\/\" \/>\n<meta property=\"og:site_name\" content=\"Sinticom-TAP\" \/>\n<meta property=\"article:published_time\" content=\"2026-04-28T09:32:05+00:00\" \/>\n<meta property=\"og:image\" content=\"https:\/\/www.sinticom-tap.com.br\/portal\/wp-content\/uploads\/2026\/04\/28-de-Abril-sinticom-tap-memoria-vitimas-acidente-trabalho-2026.jpg\" \/>\n\t<meta property=\"og:image:width\" content=\"1081\" \/>\n\t<meta property=\"og:image:height\" content=\"1081\" \/>\n\t<meta property=\"og:image:type\" content=\"image\/jpeg\" \/>\n<meta name=\"author\" content=\"w4m\" \/>\n<meta name=\"twitter:card\" content=\"summary_large_image\" \/>\n<meta name=\"twitter:label1\" content=\"Escrito por\" \/>\n\t<meta name=\"twitter:data1\" content=\"w4m\" \/>\n\t<meta name=\"twitter:label2\" content=\"Est. tempo de leitura\" \/>\n\t<meta name=\"twitter:data2\" content=\"2 minutos\" \/>\n<script type=\"application\/ld+json\" class=\"yoast-schema-graph\">{\"@context\":\"https:\/\/schema.org\",\"@graph\":[{\"@type\":\"WebPage\",\"@id\":\"https:\/\/www.sinticom-tap.com.br\/portal\/dia-mundial-em-memoria-das-vitimas-de-acidente-e-doencas-do-trabalho-2026\/\",\"url\":\"https:\/\/www.sinticom-tap.com.br\/portal\/dia-mundial-em-memoria-das-vitimas-de-acidente-e-doencas-do-trabalho-2026\/\",\"name\":\"28 de Abril - Dia Mundial em Mem\u00f3ria das V\u00edtimas de Acidente e Doen\u00e7as do Trabalho - 2026 - Sinticom-TAP\",\"isPartOf\":{\"@id\":\"https:\/\/www.sinticom-tap.com.br\/portal\/#website\"},\"primaryImageOfPage\":{\"@id\":\"https:\/\/www.sinticom-tap.com.br\/portal\/dia-mundial-em-memoria-das-vitimas-de-acidente-e-doencas-do-trabalho-2026\/#primaryimage\"},\"image\":{\"@id\":\"https:\/\/www.sinticom-tap.com.br\/portal\/dia-mundial-em-memoria-das-vitimas-de-acidente-e-doencas-do-trabalho-2026\/#primaryimage\"},\"thumbnailUrl\":\"https:\/\/www.sinticom-tap.com.br\/portal\/wp-content\/uploads\/2026\/04\/28-de-Abril-sinticom-tap-memoria-vitimas-acidente-trabalho-2026.jpg\",\"datePublished\":\"2026-04-28T09:32:05+00:00\",\"author\":{\"@id\":\"https:\/\/www.sinticom-tap.com.br\/portal\/#\/schema\/person\/bf4f37e10f0214ad1fddbebed9eed1a0\"},\"breadcrumb\":{\"@id\":\"https:\/\/www.sinticom-tap.com.br\/portal\/dia-mundial-em-memoria-das-vitimas-de-acidente-e-doencas-do-trabalho-2026\/#breadcrumb\"},\"inLanguage\":\"pt-BR\",\"potentialAction\":[{\"@type\":\"ReadAction\",\"target\":[\"https:\/\/www.sinticom-tap.com.br\/portal\/dia-mundial-em-memoria-das-vitimas-de-acidente-e-doencas-do-trabalho-2026\/\"]}]},{\"@type\":\"ImageObject\",\"inLanguage\":\"pt-BR\",\"@id\":\"https:\/\/www.sinticom-tap.com.br\/portal\/dia-mundial-em-memoria-das-vitimas-de-acidente-e-doencas-do-trabalho-2026\/#primaryimage\",\"url\":\"https:\/\/www.sinticom-tap.com.br\/portal\/wp-content\/uploads\/2026\/04\/28-de-Abril-sinticom-tap-memoria-vitimas-acidente-trabalho-2026.jpg\",\"contentUrl\":\"https:\/\/www.sinticom-tap.com.br\/portal\/wp-content\/uploads\/2026\/04\/28-de-Abril-sinticom-tap-memoria-vitimas-acidente-trabalho-2026.jpg\",\"width\":1081,\"height\":1081},{\"@type\":\"BreadcrumbList\",\"@id\":\"https:\/\/www.sinticom-tap.com.br\/portal\/dia-mundial-em-memoria-das-vitimas-de-acidente-e-doencas-do-trabalho-2026\/#breadcrumb\",\"itemListElement\":[{\"@type\":\"ListItem\",\"position\":1,\"name\":\"In\u00edcio\",\"item\":\"https:\/\/www.sinticom-tap.com.br\/portal\/\"},{\"@type\":\"ListItem\",\"position\":2,\"name\":\"28 de Abril &#8211; Dia Mundial em Mem\u00f3ria das V\u00edtimas de Acidente e Doen\u00e7as do Trabalho &#8211; 2026\"}]},{\"@type\":\"WebSite\",\"@id\":\"https:\/\/www.sinticom-tap.com.br\/portal\/#website\",\"url\":\"https:\/\/www.sinticom-tap.com.br\/portal\/\",\"name\":\"Sinticom-TAP\",\"description\":\"Sinticom-TAP\",\"potentialAction\":[{\"@type\":\"SearchAction\",\"target\":{\"@type\":\"EntryPoint\",\"urlTemplate\":\"https:\/\/www.sinticom-tap.com.br\/portal\/?s={search_term_string}\"},\"query-input\":{\"@type\":\"PropertyValueSpecification\",\"valueRequired\":true,\"valueName\":\"search_term_string\"}}],\"inLanguage\":\"pt-BR\"},{\"@type\":\"Person\",\"@id\":\"https:\/\/www.sinticom-tap.com.br\/portal\/#\/schema\/person\/bf4f37e10f0214ad1fddbebed9eed1a0\",\"name\":\"w4m\",\"image\":{\"@type\":\"ImageObject\",\"inLanguage\":\"pt-BR\",\"@id\":\"https:\/\/www.sinticom-tap.com.br\/portal\/#\/schema\/person\/image\/\",\"url\":\"https:\/\/secure.gravatar.com\/avatar\/deed700788a0c9859273feee6e262d058d850f0f1662a1f81b2c2289d502b6da?s=96&d=mm&r=g\",\"contentUrl\":\"https:\/\/secure.gravatar.com\/avatar\/deed700788a0c9859273feee6e262d058d850f0f1662a1f81b2c2289d502b6da?s=96&d=mm&r=g\",\"caption\":\"w4m\"},\"url\":\"https:\/\/www.sinticom-tap.com.br\/portal\/author\/w4m\/\"}]}<\/script>\n<!-- \/ Yoast SEO plugin. -->","yoast_head_json":{"title":"28 de Abril - Dia Mundial em Mem\u00f3ria das V\u00edtimas de Acidente e Doen\u00e7as do Trabalho - 2026 - Sinticom-TAP","robots":{"index":"index","follow":"follow","max-snippet":"max-snippet:-1","max-image-preview":"max-image-preview:large","max-video-preview":"max-video-preview:-1"},"canonical":"https:\/\/www.sinticom-tap.com.br\/portal\/dia-mundial-em-memoria-das-vitimas-de-acidente-e-doencas-do-trabalho-2026\/","og_locale":"pt_BR","og_type":"article","og_title":"28 de Abril - Dia Mundial em Mem\u00f3ria das V\u00edtimas de Acidente e Doen\u00e7as do Trabalho - 2026 - Sinticom-TAP","og_description":"O Dia Mundial da Seguran\u00e7a e Sa\u00fade no Trabalho, celebrado em 28 de abril,\u00a0foi institu\u00eddo pela OIT em 2003 para conscientizar sobre a preven\u00e7\u00e3o de acidentes e doen\u00e7as ocupacionais. A data homenageia v\u00edtimas de acidentes laborais e promove a cultura de preven\u00e7\u00e3o. No Brasil, coincide com o Dia Nacional em Mem\u00f3ria das V\u00edtimas de Acidentes ... Ler mais","og_url":"https:\/\/www.sinticom-tap.com.br\/portal\/dia-mundial-em-memoria-das-vitimas-de-acidente-e-doencas-do-trabalho-2026\/","og_site_name":"Sinticom-TAP","article_published_time":"2026-04-28T09:32:05+00:00","og_image":[{"width":1081,"height":1081,"url":"https:\/\/www.sinticom-tap.com.br\/portal\/wp-content\/uploads\/2026\/04\/28-de-Abril-sinticom-tap-memoria-vitimas-acidente-trabalho-2026.jpg","type":"image\/jpeg"}],"author":"w4m","twitter_card":"summary_large_image","twitter_misc":{"Escrito por":"w4m","Est. tempo de leitura":"2 minutos"},"schema":{"@context":"https:\/\/schema.org","@graph":[{"@type":"WebPage","@id":"https:\/\/www.sinticom-tap.com.br\/portal\/dia-mundial-em-memoria-das-vitimas-de-acidente-e-doencas-do-trabalho-2026\/","url":"https:\/\/www.sinticom-tap.com.br\/portal\/dia-mundial-em-memoria-das-vitimas-de-acidente-e-doencas-do-trabalho-2026\/","name":"28 de Abril - Dia Mundial em Mem\u00f3ria das V\u00edtimas de Acidente e Doen\u00e7as do Trabalho - 2026 - Sinticom-TAP","isPartOf":{"@id":"https:\/\/www.sinticom-tap.com.br\/portal\/#website"},"primaryImageOfPage":{"@id":"https:\/\/www.sinticom-tap.com.br\/portal\/dia-mundial-em-memoria-das-vitimas-de-acidente-e-doencas-do-trabalho-2026\/#primaryimage"},"image":{"@id":"https:\/\/www.sinticom-tap.com.br\/portal\/dia-mundial-em-memoria-das-vitimas-de-acidente-e-doencas-do-trabalho-2026\/#primaryimage"},"thumbnailUrl":"https:\/\/www.sinticom-tap.com.br\/portal\/wp-content\/uploads\/2026\/04\/28-de-Abril-sinticom-tap-memoria-vitimas-acidente-trabalho-2026.jpg","datePublished":"2026-04-28T09:32:05+00:00","author":{"@id":"https:\/\/www.sinticom-tap.com.br\/portal\/#\/schema\/person\/bf4f37e10f0214ad1fddbebed9eed1a0"},"breadcrumb":{"@id":"https:\/\/www.sinticom-tap.com.br\/portal\/dia-mundial-em-memoria-das-vitimas-de-acidente-e-doencas-do-trabalho-2026\/#breadcrumb"},"inLanguage":"pt-BR","potentialAction":[{"@type":"ReadAction","target":["https:\/\/www.sinticom-tap.com.br\/portal\/dia-mundial-em-memoria-das-vitimas-de-acidente-e-doencas-do-trabalho-2026\/"]}]},{"@type":"ImageObject","inLanguage":"pt-BR","@id":"https:\/\/www.sinticom-tap.com.br\/portal\/dia-mundial-em-memoria-das-vitimas-de-acidente-e-doencas-do-trabalho-2026\/#primaryimage","url":"https:\/\/www.sinticom-tap.com.br\/portal\/wp-content\/uploads\/2026\/04\/28-de-Abril-sinticom-tap-memoria-vitimas-acidente-trabalho-2026.jpg","contentUrl":"https:\/\/www.sinticom-tap.com.br\/portal\/wp-content\/uploads\/2026\/04\/28-de-Abril-sinticom-tap-memoria-vitimas-acidente-trabalho-2026.jpg","width":1081,"height":1081},{"@type":"BreadcrumbList","@id":"https:\/\/www.sinticom-tap.com.br\/portal\/dia-mundial-em-memoria-das-vitimas-de-acidente-e-doencas-do-trabalho-2026\/#breadcrumb","itemListElement":[{"@type":"ListItem","position":1,"name":"In\u00edcio","item":"https:\/\/www.sinticom-tap.com.br\/portal\/"},{"@type":"ListItem","position":2,"name":"28 de Abril &#8211; Dia Mundial em Mem\u00f3ria das V\u00edtimas de Acidente e Doen\u00e7as do Trabalho &#8211; 2026"}]},{"@type":"WebSite","@id":"https:\/\/www.sinticom-tap.com.br\/portal\/#website","url":"https:\/\/www.sinticom-tap.com.br\/portal\/","name":"Sinticom-TAP","description":"Sinticom-TAP","potentialAction":[{"@type":"SearchAction","target":{"@type":"EntryPoint","urlTemplate":"https:\/\/www.sinticom-tap.com.br\/portal\/?s={search_term_string}"},"query-input":{"@type":"PropertyValueSpecification","valueRequired":true,"valueName":"search_term_string"}}],"inLanguage":"pt-BR"},{"@type":"Person","@id":"https:\/\/www.sinticom-tap.com.br\/portal\/#\/schema\/person\/bf4f37e10f0214ad1fddbebed9eed1a0","name":"w4m","image":{"@type":"ImageObject","inLanguage":"pt-BR","@id":"https:\/\/www.sinticom-tap.com.br\/portal\/#\/schema\/person\/image\/","url":"https:\/\/secure.gravatar.com\/avatar\/deed700788a0c9859273feee6e262d058d850f0f1662a1f81b2c2289d502b6da?s=96&d=mm&r=g","contentUrl":"https:\/\/secure.gravatar.com\/avatar\/deed700788a0c9859273feee6e262d058d850f0f1662a1f81b2c2289d502b6da?s=96&d=mm&r=g","caption":"w4m"},"url":"https:\/\/www.sinticom-tap.com.br\/portal\/author\/w4m\/"}]}},"_links":{"self":[{"href":"https:\/\/www.sinticom-tap.com.br\/portal\/wp-json\/wp\/v2\/posts\/7740","targetHints":{"allow":["GET"]}}],"collection":[{"href":"https:\/\/www.sinticom-tap.com.br\/portal\/wp-json\/wp\/v2\/posts"}],"about":[{"href":"https:\/\/www.sinticom-tap.com.br\/portal\/wp-json\/wp\/v2\/types\/post"}],"author":[{"embeddable":true,"href":"https:\/\/www.sinticom-tap.com.br\/portal\/wp-json\/wp\/v2\/users\/1"}],"replies":[{"embeddable":true,"href":"https:\/\/www.sinticom-tap.com.br\/portal\/wp-json\/wp\/v2\/comments?post=7740"}],"version-history":[{"count":2,"href":"https:\/\/www.sinticom-tap.com.br\/portal\/wp-json\/wp\/v2\/posts\/7740\/revisions"}],"predecessor-version":[{"id":7743,"href":"https:\/\/www.sinticom-tap.com.br\/portal\/wp-json\/wp\/v2\/posts\/7740\/revisions\/7743"}],"wp:featuredmedia":[{"embeddable":true,"href":"https:\/\/www.sinticom-tap.com.br\/portal\/wp-json\/wp\/v2\/media\/7741"}],"wp:attachment":[{"href":"https:\/\/www.sinticom-tap.com.br\/portal\/wp-json\/wp\/v2\/media?parent=7740"}],"wp:term":[{"taxonomy":"category","embeddable":true,"href":"https:\/\/www.sinticom-tap.com.br\/portal\/wp-json\/wp\/v2\/categories?post=7740"},{"taxonomy":"post_tag","embeddable":true,"href":"https:\/\/www.sinticom-tap.com.br\/portal\/wp-json\/wp\/v2\/tags?post=7740"}],"curies":[{"name":"wp","href":"https:\/\/api.w.org\/{rel}","templated":true}]}}