{"id":7731,"date":"2026-04-27T10:05:04","date_gmt":"2026-04-27T13:05:04","guid":{"rendered":"https:\/\/www.sinticom-tap.com.br\/portal\/?p=7731"},"modified":"2026-04-27T10:12:33","modified_gmt":"2026-04-27T13:12:33","slug":"trabalhadores-da-construcao-e-do-mobiliario-participam-da-marcha-da-conclat-em-brasilia","status":"publish","type":"post","link":"https:\/\/www.sinticom-tap.com.br\/portal\/trabalhadores-da-construcao-e-do-mobiliario-participam-da-marcha-da-conclat-em-brasilia\/","title":{"rendered":"Trabalhadores da constru\u00e7\u00e3o e do mobili\u00e1rio participam da marcha da CONCLAT em Bras\u00edlia"},"content":{"rendered":"<p><img fetchpriority=\"high\" decoding=\"async\" class=\" wp-image-7736 alignleft\" src=\"https:\/\/www.sinticom-tap.com.br\/portal\/wp-content\/uploads\/2026\/04\/Captura-de-tela-2026-04-27-100539.jpg\" alt=\"\" width=\"619\" height=\"285\" srcset=\"https:\/\/www.sinticom-tap.com.br\/portal\/wp-content\/uploads\/2026\/04\/Captura-de-tela-2026-04-27-100539.jpg 836w, https:\/\/www.sinticom-tap.com.br\/portal\/wp-content\/uploads\/2026\/04\/Captura-de-tela-2026-04-27-100539-300x138.jpg 300w, https:\/\/www.sinticom-tap.com.br\/portal\/wp-content\/uploads\/2026\/04\/Captura-de-tela-2026-04-27-100539-768x354.jpg 768w\" sizes=\"(max-width: 619px) 100vw, 619px\" \/><\/p>\n<p>Milhares de trabalhadores e trabalhadoras realizaram nesta quarta-feira (15), em Bras\u00edlia, a Marcha da Classe Trabalhadora, com o objetivo de defender importantes reivindica\u00e7\u00f5es que foram apresentadas ao presidente Lula e aos presidentes das duas casas do Congresso Nacional, destacandose a luta pelo fim da Jornada 6X1, com redu\u00e7\u00e3o para 40 horas semanais sem redu\u00e7\u00e3o de sal\u00e1rio, al\u00e9m do fortalecimento do emprego, da renda e dos direitos sociais.<\/p>\n<p>O presidente da CONTRICOM e da FETRACONSPAR, Reinaldim Barboza Pereira, acompanhado de uma expressiva delega\u00e7\u00e3o da federa\u00e7\u00e3o, ao lado de outros dirigentes da Confedera\u00e7\u00e3o e da Nova Central Sindical de Trabalhadores (NCST), participou da marcha que culminou com um grande ato em frente ao Congresso Nacional (fotos).<\/p>\n<p>Segundo o dirigente, \u201cvaleu o esfor\u00e7o e o movimento foi muito vitorioso, significando o resgate das mobiliza\u00e7\u00f5es dos trabalhadores e das trabalhadoras que s\u00e3o fundamentais para a defesa dos direitos, o resgate das conquistas perdidas e, nesse momento, em especial, a luta pela redu\u00e7\u00e3o da jornada. Parab\u00e9ns a todos os trabalhadores e entidades, especialmente aquelas que representamos da constru\u00e7\u00e3o, do mobili\u00e1rio e de outras categorias que participaram ativamente desse momento hist\u00f3rico\u201d.<\/p>\n<p>ENCONTRO COM LULA &#8211; No encontro com as centrais sindicais no Pal\u00e1cio do Planalto, ap\u00f3s a realiza\u00e7\u00e3o da Marcha, o presidente Lula refor\u00e7ou a import\u00e2ncia da mobiliza\u00e7\u00e3o dos trabalhadores para a aprova\u00e7\u00e3o do Projeto de Lei sobre o fim da escala 6\u00d71 e redu\u00e7\u00e3o da jornada de trabalho, enviado pelo governo em regime de urg\u00eancia ao Congresso, na ter\u00e7a-feira.<\/p>\n<p><img decoding=\"async\" class=\" wp-image-7738 alignleft\" src=\"https:\/\/www.sinticom-tap.com.br\/portal\/wp-content\/uploads\/2026\/04\/Captura-de-tela-2026-04-27-100613.jpg\" alt=\"\" width=\"580\" height=\"405\" srcset=\"https:\/\/www.sinticom-tap.com.br\/portal\/wp-content\/uploads\/2026\/04\/Captura-de-tela-2026-04-27-100613.jpg 819w, https:\/\/www.sinticom-tap.com.br\/portal\/wp-content\/uploads\/2026\/04\/Captura-de-tela-2026-04-27-100613-300x210.jpg 300w, https:\/\/www.sinticom-tap.com.br\/portal\/wp-content\/uploads\/2026\/04\/Captura-de-tela-2026-04-27-100613-768x536.jpg 768w\" sizes=\"(max-width: 580px) 100vw, 580px\" \/>\u201cA press\u00e3o sobre o Congresso ser\u00e1 decisiva, a luta come\u00e7a agora\u201d para transformar propostas em direitos, ressaltou o presidente Lula.<\/p>\n<p>No encontro, que reuniu as principais lideran\u00e7as sindicais do pa\u00eds, al\u00e9m de ministros e parlamentares, e fez parte da mobiliza\u00e7\u00e3o das centrais que ocupou Bras\u00edlia durante todo dia de ontem (15) com a Confer\u00eancia Nacional da Classe<\/p>\n<p>Trabalhadora (Conclat) e a Marcha da Classe Trabalhadora, os representantes das centrais entregaram ao presidente a Pauta da Classe Trabalhadora, com 68 reivindica\u00e7\u00f5es para os pr\u00f3ximos cinco anos.<\/p>\n<p><span style=\"color: #ff6600;\"><strong>REIVINDICA\u00c7\u00d5ES<\/strong> <\/span>&#8211; Entre as principais demandas est\u00e3o, al\u00e9m do fim da escala 6\u00d71, com redu\u00e7\u00e3o da jornada de trabalho para, no m\u00e1ximo, 40 horas semanais sem redu\u00e7\u00e3o salarial, as centrais querem a queda imediata dos juros e gera\u00e7\u00e3o de empregos decentes com desenvolvimento produtivo, valoriza\u00e7\u00e3o do sal\u00e1rio, fortalecimento e autorregula\u00e7\u00e3o dos sindicatos; regulamenta\u00e7\u00e3o do trabalho em plataformas digitais, o combate \u00e0 pejotiza\u00e7\u00e3o e a luta contra o feminic\u00eddio.<\/p>\n<p>\u201cCada vez que a gente manda uma coisa para aprovar no Congresso, voc\u00eas t\u00eam que saber que voc\u00eas t\u00eam que ajudar. N\u00f3s conseguimos coisas importantes. N\u00f3s conseguimos uma pol\u00edtica tribut\u00e1ria que a gente n\u00e3o conseguia h\u00e1 40 anos, a isen\u00e7\u00e3o do Imposto de Renda at\u00e9 R$ 5 mil. E a gente pode conseguir mais, se a gente tiver mais gente comprometida com voc\u00eas\u201d, afirmou Lula. Lula tamb\u00e9m defendeu autonomia das categorias para decidir formas de contribui\u00e7\u00e3o sindical. \u201cSem dinheiro, o sindicato n\u00e3o consegue se organizar, n\u00e3o consegue fazer protesto\u201d, afirmou.<\/p>\n<p><img decoding=\"async\" class=\" wp-image-7737 alignleft\" src=\"https:\/\/www.sinticom-tap.com.br\/portal\/wp-content\/uploads\/2026\/04\/Captura-de-tela-2026-04-27-100644.jpg\" alt=\"\" width=\"581\" height=\"321\" srcset=\"https:\/\/www.sinticom-tap.com.br\/portal\/wp-content\/uploads\/2026\/04\/Captura-de-tela-2026-04-27-100644.jpg 833w, https:\/\/www.sinticom-tap.com.br\/portal\/wp-content\/uploads\/2026\/04\/Captura-de-tela-2026-04-27-100644-300x166.jpg 300w, https:\/\/www.sinticom-tap.com.br\/portal\/wp-content\/uploads\/2026\/04\/Captura-de-tela-2026-04-27-100644-768x424.jpg 768w\" sizes=\"(max-width: 581px) 100vw, 581px\" \/>O presidente tamb\u00e9m criticou as reformas trabalhista, de 2017, e da Previd\u00eancia, em 2019, e outras reformas ocorridas nos governos Temer e Bolsonaro, que ele considera retrocessos para a classe trabalhadora:<\/p>\n<p>\u201cA reforma trabalhista precarizou a Previd\u00eancia. Sem renda, ganhando \u00e0s vezes menos que o sal\u00e1rio m\u00ednimo, o trabalhador n\u00e3o conseguiu sequer contribuir. Em 2019, foi a reforma da Previd\u00eancia. Na pr\u00e1tica, acabou com a aposentadoria por tempo de contribui\u00e7\u00e3o. Homens t\u00eam que trabalhar at\u00e9 65 anos e mulheres, at\u00e9 62 anos. Quem quiser se aposentar com o sal\u00e1rio integral, tem de contribuir, no m\u00ednimo, por 40 anos\u201d, disse.<\/p>\n<p><span style=\"color: #ff6600;\"><strong>RELA\u00c7\u00c3O COM OS TRABALHADORES<\/strong> <\/span>&#8211; Ao receber o documento com a pauta de reivindica\u00e7\u00f5es da classe, Lula disse que \u201cn\u00e3o \u00e9 pouca coisa, em qualquer pa\u00eds do mundo, o presidente da Rep\u00fablica ter a sensibilidade, o compromisso de classe de sentar com os dirigentes sindicais e trat\u00e1-los de companheiros e ser tratado de companheiro\u201d.<\/p>\n<p>O vice-presidente Geraldo Alckmin salientou a rela\u00e7\u00e3o entre sindicalismo e democracia. \u201cN\u00e3o h\u00e1 democracia sem presen\u00e7a sindical. E n\u00e3o h\u00e1 presen\u00e7a sindical sem democracia\u201d.<\/p>\n<p>J\u00e1 o ministro do Trabalho e Emprego, Luiz Marinho, destacou em sua fala a precariza\u00e7\u00e3o das rela\u00e7\u00f5es de trabalho com a chamada pejotiza\u00e7\u00e3o. \u201cA pejotiza\u00e7\u00e3o leva a um processo de desestrutura\u00e7\u00e3o das rela\u00e7\u00f5es de trabalho do pa\u00eds, destruindo o fundo de garantia, fragilizando a previd\u00eancia social\u201d, afirmou.<\/p>\n<p>Fonte: <em>Comunica\u00e7\u00e3o <strong>CONTRICOM<\/strong> &#8211; Confedera\u00e7\u00e3o Nacional dos Trabalhadores na Ind\u00fastria da Constru\u00e7\u00e3o e do Mobili\u00e1rio\u00a0<\/em><\/p>\n","protected":false},"excerpt":{"rendered":"<p>Milhares de trabalhadores e trabalhadoras realizaram nesta quarta-feira (15), em Bras\u00edlia, a Marcha da Classe Trabalhadora, com o objetivo de defender importantes reivindica\u00e7\u00f5es que foram apresentadas ao presidente Lula e aos presidentes das duas casas do Congresso Nacional, destacandose a luta pelo fim da Jornada 6X1, com redu\u00e7\u00e3o para 40 horas semanais sem redu\u00e7\u00e3o de &#8230; <a title=\"Trabalhadores da constru\u00e7\u00e3o e do mobili\u00e1rio participam da marcha da CONCLAT em Bras\u00edlia\" class=\"read-more\" href=\"https:\/\/www.sinticom-tap.com.br\/portal\/trabalhadores-da-construcao-e-do-mobiliario-participam-da-marcha-da-conclat-em-brasilia\/\" aria-label=\"More on Trabalhadores da constru\u00e7\u00e3o e do mobili\u00e1rio participam da marcha da CONCLAT em Bras\u00edlia\">Ler mais<\/a><\/p>\n","protected":false},"author":1,"featured_media":7736,"comment_status":"closed","ping_status":"closed","sticky":false,"template":"","format":"standard","meta":{"footnotes":""},"categories":[4],"tags":[],"class_list":["post-7731","post","type-post","status-publish","format-standard","has-post-thumbnail","hentry","category-noticias"],"yoast_head":"<!-- This site is optimized with the Yoast SEO plugin v25.9 - https:\/\/yoast.com\/wordpress\/plugins\/seo\/ -->\n<title>Trabalhadores da constru\u00e7\u00e3o e do mobili\u00e1rio participam da marcha da CONCLAT em Bras\u00edlia - Sinticom-TAP<\/title>\n<meta name=\"robots\" content=\"index, follow, max-snippet:-1, max-image-preview:large, max-video-preview:-1\" \/>\n<link rel=\"canonical\" href=\"https:\/\/www.sinticom-tap.com.br\/portal\/trabalhadores-da-construcao-e-do-mobiliario-participam-da-marcha-da-conclat-em-brasilia\/\" \/>\n<meta property=\"og:locale\" content=\"pt_BR\" \/>\n<meta property=\"og:type\" content=\"article\" \/>\n<meta property=\"og:title\" content=\"Trabalhadores da constru\u00e7\u00e3o e do mobili\u00e1rio participam da marcha da CONCLAT em Bras\u00edlia - Sinticom-TAP\" \/>\n<meta property=\"og:description\" content=\"Milhares de trabalhadores e trabalhadoras realizaram nesta quarta-feira (15), em Bras\u00edlia, a Marcha da Classe Trabalhadora, com o objetivo de defender importantes reivindica\u00e7\u00f5es que foram apresentadas ao presidente Lula e aos presidentes das duas casas do Congresso Nacional, destacandose a luta pelo fim da Jornada 6X1, com redu\u00e7\u00e3o para 40 horas semanais sem redu\u00e7\u00e3o de ... Ler mais\" \/>\n<meta property=\"og:url\" content=\"https:\/\/www.sinticom-tap.com.br\/portal\/trabalhadores-da-construcao-e-do-mobiliario-participam-da-marcha-da-conclat-em-brasilia\/\" \/>\n<meta property=\"og:site_name\" content=\"Sinticom-TAP\" \/>\n<meta property=\"article:published_time\" content=\"2026-04-27T13:05:04+00:00\" \/>\n<meta property=\"article:modified_time\" content=\"2026-04-27T13:12:33+00:00\" \/>\n<meta property=\"og:image\" content=\"https:\/\/www.sinticom-tap.com.br\/portal\/wp-content\/uploads\/2026\/04\/Captura-de-tela-2026-04-27-100539.jpg\" \/>\n\t<meta property=\"og:image:width\" content=\"836\" \/>\n\t<meta property=\"og:image:height\" content=\"385\" \/>\n\t<meta property=\"og:image:type\" content=\"image\/jpeg\" \/>\n<meta name=\"author\" content=\"w4m\" \/>\n<meta name=\"twitter:card\" content=\"summary_large_image\" \/>\n<meta name=\"twitter:label1\" content=\"Escrito por\" \/>\n\t<meta name=\"twitter:data1\" content=\"w4m\" \/>\n\t<meta name=\"twitter:label2\" content=\"Est. tempo de leitura\" \/>\n\t<meta name=\"twitter:data2\" content=\"5 minutos\" \/>\n<script type=\"application\/ld+json\" class=\"yoast-schema-graph\">{\"@context\":\"https:\/\/schema.org\",\"@graph\":[{\"@type\":\"WebPage\",\"@id\":\"https:\/\/www.sinticom-tap.com.br\/portal\/trabalhadores-da-construcao-e-do-mobiliario-participam-da-marcha-da-conclat-em-brasilia\/\",\"url\":\"https:\/\/www.sinticom-tap.com.br\/portal\/trabalhadores-da-construcao-e-do-mobiliario-participam-da-marcha-da-conclat-em-brasilia\/\",\"name\":\"Trabalhadores da constru\u00e7\u00e3o e do mobili\u00e1rio participam da marcha da CONCLAT em Bras\u00edlia - Sinticom-TAP\",\"isPartOf\":{\"@id\":\"https:\/\/www.sinticom-tap.com.br\/portal\/#website\"},\"primaryImageOfPage\":{\"@id\":\"https:\/\/www.sinticom-tap.com.br\/portal\/trabalhadores-da-construcao-e-do-mobiliario-participam-da-marcha-da-conclat-em-brasilia\/#primaryimage\"},\"image\":{\"@id\":\"https:\/\/www.sinticom-tap.com.br\/portal\/trabalhadores-da-construcao-e-do-mobiliario-participam-da-marcha-da-conclat-em-brasilia\/#primaryimage\"},\"thumbnailUrl\":\"https:\/\/www.sinticom-tap.com.br\/portal\/wp-content\/uploads\/2026\/04\/Captura-de-tela-2026-04-27-100539.jpg\",\"datePublished\":\"2026-04-27T13:05:04+00:00\",\"dateModified\":\"2026-04-27T13:12:33+00:00\",\"author\":{\"@id\":\"https:\/\/www.sinticom-tap.com.br\/portal\/#\/schema\/person\/bf4f37e10f0214ad1fddbebed9eed1a0\"},\"breadcrumb\":{\"@id\":\"https:\/\/www.sinticom-tap.com.br\/portal\/trabalhadores-da-construcao-e-do-mobiliario-participam-da-marcha-da-conclat-em-brasilia\/#breadcrumb\"},\"inLanguage\":\"pt-BR\",\"potentialAction\":[{\"@type\":\"ReadAction\",\"target\":[\"https:\/\/www.sinticom-tap.com.br\/portal\/trabalhadores-da-construcao-e-do-mobiliario-participam-da-marcha-da-conclat-em-brasilia\/\"]}]},{\"@type\":\"ImageObject\",\"inLanguage\":\"pt-BR\",\"@id\":\"https:\/\/www.sinticom-tap.com.br\/portal\/trabalhadores-da-construcao-e-do-mobiliario-participam-da-marcha-da-conclat-em-brasilia\/#primaryimage\",\"url\":\"https:\/\/www.sinticom-tap.com.br\/portal\/wp-content\/uploads\/2026\/04\/Captura-de-tela-2026-04-27-100539.jpg\",\"contentUrl\":\"https:\/\/www.sinticom-tap.com.br\/portal\/wp-content\/uploads\/2026\/04\/Captura-de-tela-2026-04-27-100539.jpg\",\"width\":836,\"height\":385},{\"@type\":\"BreadcrumbList\",\"@id\":\"https:\/\/www.sinticom-tap.com.br\/portal\/trabalhadores-da-construcao-e-do-mobiliario-participam-da-marcha-da-conclat-em-brasilia\/#breadcrumb\",\"itemListElement\":[{\"@type\":\"ListItem\",\"position\":1,\"name\":\"In\u00edcio\",\"item\":\"https:\/\/www.sinticom-tap.com.br\/portal\/\"},{\"@type\":\"ListItem\",\"position\":2,\"name\":\"Trabalhadores da constru\u00e7\u00e3o e do mobili\u00e1rio participam da marcha da CONCLAT em Bras\u00edlia\"}]},{\"@type\":\"WebSite\",\"@id\":\"https:\/\/www.sinticom-tap.com.br\/portal\/#website\",\"url\":\"https:\/\/www.sinticom-tap.com.br\/portal\/\",\"name\":\"Sinticom-TAP\",\"description\":\"Sinticom-TAP\",\"potentialAction\":[{\"@type\":\"SearchAction\",\"target\":{\"@type\":\"EntryPoint\",\"urlTemplate\":\"https:\/\/www.sinticom-tap.com.br\/portal\/?s={search_term_string}\"},\"query-input\":{\"@type\":\"PropertyValueSpecification\",\"valueRequired\":true,\"valueName\":\"search_term_string\"}}],\"inLanguage\":\"pt-BR\"},{\"@type\":\"Person\",\"@id\":\"https:\/\/www.sinticom-tap.com.br\/portal\/#\/schema\/person\/bf4f37e10f0214ad1fddbebed9eed1a0\",\"name\":\"w4m\",\"image\":{\"@type\":\"ImageObject\",\"inLanguage\":\"pt-BR\",\"@id\":\"https:\/\/www.sinticom-tap.com.br\/portal\/#\/schema\/person\/image\/\",\"url\":\"https:\/\/secure.gravatar.com\/avatar\/deed700788a0c9859273feee6e262d058d850f0f1662a1f81b2c2289d502b6da?s=96&d=mm&r=g\",\"contentUrl\":\"https:\/\/secure.gravatar.com\/avatar\/deed700788a0c9859273feee6e262d058d850f0f1662a1f81b2c2289d502b6da?s=96&d=mm&r=g\",\"caption\":\"w4m\"},\"url\":\"https:\/\/www.sinticom-tap.com.br\/portal\/author\/w4m\/\"}]}<\/script>\n<!-- \/ Yoast SEO plugin. -->","yoast_head_json":{"title":"Trabalhadores da constru\u00e7\u00e3o e do mobili\u00e1rio participam da marcha da CONCLAT em Bras\u00edlia - Sinticom-TAP","robots":{"index":"index","follow":"follow","max-snippet":"max-snippet:-1","max-image-preview":"max-image-preview:large","max-video-preview":"max-video-preview:-1"},"canonical":"https:\/\/www.sinticom-tap.com.br\/portal\/trabalhadores-da-construcao-e-do-mobiliario-participam-da-marcha-da-conclat-em-brasilia\/","og_locale":"pt_BR","og_type":"article","og_title":"Trabalhadores da constru\u00e7\u00e3o e do mobili\u00e1rio participam da marcha da CONCLAT em Bras\u00edlia - Sinticom-TAP","og_description":"Milhares de trabalhadores e trabalhadoras realizaram nesta quarta-feira (15), em Bras\u00edlia, a Marcha da Classe Trabalhadora, com o objetivo de defender importantes reivindica\u00e7\u00f5es que foram apresentadas ao presidente Lula e aos presidentes das duas casas do Congresso Nacional, destacandose a luta pelo fim da Jornada 6X1, com redu\u00e7\u00e3o para 40 horas semanais sem redu\u00e7\u00e3o de ... Ler mais","og_url":"https:\/\/www.sinticom-tap.com.br\/portal\/trabalhadores-da-construcao-e-do-mobiliario-participam-da-marcha-da-conclat-em-brasilia\/","og_site_name":"Sinticom-TAP","article_published_time":"2026-04-27T13:05:04+00:00","article_modified_time":"2026-04-27T13:12:33+00:00","og_image":[{"width":836,"height":385,"url":"https:\/\/www.sinticom-tap.com.br\/portal\/wp-content\/uploads\/2026\/04\/Captura-de-tela-2026-04-27-100539.jpg","type":"image\/jpeg"}],"author":"w4m","twitter_card":"summary_large_image","twitter_misc":{"Escrito por":"w4m","Est. tempo de leitura":"5 minutos"},"schema":{"@context":"https:\/\/schema.org","@graph":[{"@type":"WebPage","@id":"https:\/\/www.sinticom-tap.com.br\/portal\/trabalhadores-da-construcao-e-do-mobiliario-participam-da-marcha-da-conclat-em-brasilia\/","url":"https:\/\/www.sinticom-tap.com.br\/portal\/trabalhadores-da-construcao-e-do-mobiliario-participam-da-marcha-da-conclat-em-brasilia\/","name":"Trabalhadores da constru\u00e7\u00e3o e do mobili\u00e1rio participam da marcha da CONCLAT em Bras\u00edlia - Sinticom-TAP","isPartOf":{"@id":"https:\/\/www.sinticom-tap.com.br\/portal\/#website"},"primaryImageOfPage":{"@id":"https:\/\/www.sinticom-tap.com.br\/portal\/trabalhadores-da-construcao-e-do-mobiliario-participam-da-marcha-da-conclat-em-brasilia\/#primaryimage"},"image":{"@id":"https:\/\/www.sinticom-tap.com.br\/portal\/trabalhadores-da-construcao-e-do-mobiliario-participam-da-marcha-da-conclat-em-brasilia\/#primaryimage"},"thumbnailUrl":"https:\/\/www.sinticom-tap.com.br\/portal\/wp-content\/uploads\/2026\/04\/Captura-de-tela-2026-04-27-100539.jpg","datePublished":"2026-04-27T13:05:04+00:00","dateModified":"2026-04-27T13:12:33+00:00","author":{"@id":"https:\/\/www.sinticom-tap.com.br\/portal\/#\/schema\/person\/bf4f37e10f0214ad1fddbebed9eed1a0"},"breadcrumb":{"@id":"https:\/\/www.sinticom-tap.com.br\/portal\/trabalhadores-da-construcao-e-do-mobiliario-participam-da-marcha-da-conclat-em-brasilia\/#breadcrumb"},"inLanguage":"pt-BR","potentialAction":[{"@type":"ReadAction","target":["https:\/\/www.sinticom-tap.com.br\/portal\/trabalhadores-da-construcao-e-do-mobiliario-participam-da-marcha-da-conclat-em-brasilia\/"]}]},{"@type":"ImageObject","inLanguage":"pt-BR","@id":"https:\/\/www.sinticom-tap.com.br\/portal\/trabalhadores-da-construcao-e-do-mobiliario-participam-da-marcha-da-conclat-em-brasilia\/#primaryimage","url":"https:\/\/www.sinticom-tap.com.br\/portal\/wp-content\/uploads\/2026\/04\/Captura-de-tela-2026-04-27-100539.jpg","contentUrl":"https:\/\/www.sinticom-tap.com.br\/portal\/wp-content\/uploads\/2026\/04\/Captura-de-tela-2026-04-27-100539.jpg","width":836,"height":385},{"@type":"BreadcrumbList","@id":"https:\/\/www.sinticom-tap.com.br\/portal\/trabalhadores-da-construcao-e-do-mobiliario-participam-da-marcha-da-conclat-em-brasilia\/#breadcrumb","itemListElement":[{"@type":"ListItem","position":1,"name":"In\u00edcio","item":"https:\/\/www.sinticom-tap.com.br\/portal\/"},{"@type":"ListItem","position":2,"name":"Trabalhadores da constru\u00e7\u00e3o e do mobili\u00e1rio participam da marcha da CONCLAT em Bras\u00edlia"}]},{"@type":"WebSite","@id":"https:\/\/www.sinticom-tap.com.br\/portal\/#website","url":"https:\/\/www.sinticom-tap.com.br\/portal\/","name":"Sinticom-TAP","description":"Sinticom-TAP","potentialAction":[{"@type":"SearchAction","target":{"@type":"EntryPoint","urlTemplate":"https:\/\/www.sinticom-tap.com.br\/portal\/?s={search_term_string}"},"query-input":{"@type":"PropertyValueSpecification","valueRequired":true,"valueName":"search_term_string"}}],"inLanguage":"pt-BR"},{"@type":"Person","@id":"https:\/\/www.sinticom-tap.com.br\/portal\/#\/schema\/person\/bf4f37e10f0214ad1fddbebed9eed1a0","name":"w4m","image":{"@type":"ImageObject","inLanguage":"pt-BR","@id":"https:\/\/www.sinticom-tap.com.br\/portal\/#\/schema\/person\/image\/","url":"https:\/\/secure.gravatar.com\/avatar\/deed700788a0c9859273feee6e262d058d850f0f1662a1f81b2c2289d502b6da?s=96&d=mm&r=g","contentUrl":"https:\/\/secure.gravatar.com\/avatar\/deed700788a0c9859273feee6e262d058d850f0f1662a1f81b2c2289d502b6da?s=96&d=mm&r=g","caption":"w4m"},"url":"https:\/\/www.sinticom-tap.com.br\/portal\/author\/w4m\/"}]}},"_links":{"self":[{"href":"https:\/\/www.sinticom-tap.com.br\/portal\/wp-json\/wp\/v2\/posts\/7731","targetHints":{"allow":["GET"]}}],"collection":[{"href":"https:\/\/www.sinticom-tap.com.br\/portal\/wp-json\/wp\/v2\/posts"}],"about":[{"href":"https:\/\/www.sinticom-tap.com.br\/portal\/wp-json\/wp\/v2\/types\/post"}],"author":[{"embeddable":true,"href":"https:\/\/www.sinticom-tap.com.br\/portal\/wp-json\/wp\/v2\/users\/1"}],"replies":[{"embeddable":true,"href":"https:\/\/www.sinticom-tap.com.br\/portal\/wp-json\/wp\/v2\/comments?post=7731"}],"version-history":[{"count":5,"href":"https:\/\/www.sinticom-tap.com.br\/portal\/wp-json\/wp\/v2\/posts\/7731\/revisions"}],"predecessor-version":[{"id":7739,"href":"https:\/\/www.sinticom-tap.com.br\/portal\/wp-json\/wp\/v2\/posts\/7731\/revisions\/7739"}],"wp:featuredmedia":[{"embeddable":true,"href":"https:\/\/www.sinticom-tap.com.br\/portal\/wp-json\/wp\/v2\/media\/7736"}],"wp:attachment":[{"href":"https:\/\/www.sinticom-tap.com.br\/portal\/wp-json\/wp\/v2\/media?parent=7731"}],"wp:term":[{"taxonomy":"category","embeddable":true,"href":"https:\/\/www.sinticom-tap.com.br\/portal\/wp-json\/wp\/v2\/categories?post=7731"},{"taxonomy":"post_tag","embeddable":true,"href":"https:\/\/www.sinticom-tap.com.br\/portal\/wp-json\/wp\/v2\/tags?post=7731"}],"curies":[{"name":"wp","href":"https:\/\/api.w.org\/{rel}","templated":true}]}}